{"id":653,"date":"2023-10-04T08:13:52","date_gmt":"2023-10-04T11:13:52","guid":{"rendered":"https:\/\/centrodezoonoses.campinagrande.pb.gov.br\/?p=653"},"modified":"2023-10-04T08:13:52","modified_gmt":"2023-10-04T11:13:52","slug":"dia-mundial-dos-animais-e-da-natureza-sera-comemorado-em-campina-grande-com-palestras-e-distribuicao-de-racoes-com-ongs-e-entidades-que-cuidam-dos-animais-de-rua","status":"publish","type":"post","link":"https:\/\/centrodezoonoses.campinagrande.pb.gov.br\/?p=653","title":{"rendered":"Dia Mundial dos Animais e da natureza ser\u00e1 comemorado em Campina Grande  com palestras e distribui\u00e7\u00e3o de ra\u00e7\u00f5es com ONGs e entidades que cuidam dos animais de rua"},"content":{"rendered":"<p>A Prefeitura de Campina Grande, atrav\u00e9s de uma programa\u00e7\u00e3o integrada entre as Secretarias Municipais de Servi\u00e7os Urbanos e Meio Ambiente (Sesuma), Educa\u00e7\u00e3o (atrav\u00e9s da coordena\u00e7\u00e3o de educa\u00e7\u00e3o ambiental), Secretaria de Sa\u00fade e o Centro de Zoonoses v\u00e3o comemorar nesta quarta-feira, 4, o Dia Mundial da Natureza e do Animal.<\/p>\n<p><img fetchpriority=\"high\" decoding=\"async\" class=\"alignnone size-full wp-image-654\" src=\"https:\/\/centrodezoonoses.campinagrande.pb.gov.br\/wp-content\/uploads\/2023\/10\/IMG-20231003-WA0059.jpg\" alt=\"\" width=\"932\" height=\"612\" srcset=\"https:\/\/centrodezoonoses.campinagrande.pb.gov.br\/wp-content\/uploads\/2023\/10\/IMG-20231003-WA0059.jpg 932w, https:\/\/centrodezoonoses.campinagrande.pb.gov.br\/wp-content\/uploads\/2023\/10\/IMG-20231003-WA0059-300x197.jpg 300w, https:\/\/centrodezoonoses.campinagrande.pb.gov.br\/wp-content\/uploads\/2023\/10\/IMG-20231003-WA0059-768x504.jpg 768w\" sizes=\"(max-width: 932px) 100vw, 932px\" \/><\/p>\n<p>A programa\u00e7\u00e3o come\u00e7a \u00e0s 9h30, na Escola Municipal de Ensino Fundamental Lafayete Cavalcanti, no bairro das Malvinas, com uma palestra de Aretusa Nascimento, coordenadora do Centro de Zoonoses, abordando o tema \u201cBem-Estar animal e Ado\u00e7\u00e3o Respons\u00e1vel\u201d. E \u00e0s 10h30, na sede da Sesuma, na rua Vigolvino Vanderley, Ponto de Cem R\u00e9is, no bairro da Concei\u00e7\u00e3o, haver\u00e1 distribui\u00e7\u00e3o de 600 quilos de ra\u00e7\u00e3o animal \u00a0com algumas ONGs que atuam em defesa da causa animal.<\/p>\n<p>Esta data \u00e9 comemorada no dia dedicado a S\u00e3o Francisco, considerado patrono da ecologia e protetor dos animais e da natureza, e tem o objetivo de conscientizar para a necessidade de se preservar toda a esp\u00e9cie de animais e o meio ambiente. Em Campina Grande, a gest\u00e3o do prefeito Bruno Cunha Lima tem realizado a\u00e7\u00f5es e investimentos em prol desta causa, como a compra de Castram\u00f3vel, amplia\u00e7\u00e3o do Centro de Zoonoses, contrata\u00e7\u00e3o de pessoal e campanhas de conscientiza\u00e7\u00e3o em parceria com v\u00e1rias entidades e organiza\u00e7\u00f5es n\u00e3o governamentais.<\/p>\n<p>\u201cO 4 de outubro \u00e9 o Dia Mundial dos Animais, alusivo ao nascimento de S\u00e3o Francisco de Assis, patrono da ecologia e protetor dos animais, e por isso devemos neste dia repensar nas nossas atitudes de entendermos que tudo isso ir\u00e1 contribuir para a qualidade de vida de todos n\u00f3s\u2019, afirmou\u00a0Lilian Arruda, coordenadora do Meio Ambiente.<\/p>\n<p>Por isso, para comemorar a data, a Prefeitura, por meio de v\u00e1rias secretarias, vai desenvolver a\u00e7\u00f5es em escolas municipais, acreditando que nos anos iniciais as crian\u00e7as t\u00eam\u00a0o poder transformador \u00a0da sociedade.\u00a0E numa forma de agradecimento aos que cuidam dos animais de rua, protetores e ONGs, a gest\u00e3o municipal far\u00e1 a entrega de ra\u00e7\u00f5es a todos os cadastrados.<\/p>\n<p>Codecom<\/p>\n","protected":false},"excerpt":{"rendered":"<p>A Prefeitura de Campina Grande, atrav\u00e9s de uma programa\u00e7\u00e3o integrada entre as Secretarias Municipais de Servi\u00e7os Urbanos e Meio Ambiente (Sesuma), Educa\u00e7\u00e3o (atrav\u00e9s da coordena\u00e7\u00e3o [&hellip;]<\/p>\n","protected":false},"author":3,"featured_media":654,"comment_status":"closed","ping_status":"closed","sticky":false,"template":"","format":"standard","meta":{"footnotes":""},"categories":[1],"tags":[],"class_list":["post-653","post","type-post","status-publish","format-standard","has-post-thumbnail","hentry","category-sem-categoria"],"_links":{"self":[{"href":"https:\/\/centrodezoonoses.campinagrande.pb.gov.br\/index.php?rest_route=\/wp\/v2\/posts\/653","targetHints":{"allow":["GET"]}}],"collection":[{"href":"https:\/\/centrodezoonoses.campinagrande.pb.gov.br\/index.php?rest_route=\/wp\/v2\/posts"}],"about":[{"href":"https:\/\/centrodezoonoses.campinagrande.pb.gov.br\/index.php?rest_route=\/wp\/v2\/types\/post"}],"author":[{"embeddable":true,"href":"https:\/\/centrodezoonoses.campinagrande.pb.gov.br\/index.php?rest_route=\/wp\/v2\/users\/3"}],"replies":[{"embeddable":true,"href":"https:\/\/centrodezoonoses.campinagrande.pb.gov.br\/index.php?rest_route=%2Fwp%2Fv2%2Fcomments&post=653"}],"version-history":[{"count":1,"href":"https:\/\/centrodezoonoses.campinagrande.pb.gov.br\/index.php?rest_route=\/wp\/v2\/posts\/653\/revisions"}],"predecessor-version":[{"id":655,"href":"https:\/\/centrodezoonoses.campinagrande.pb.gov.br\/index.php?rest_route=\/wp\/v2\/posts\/653\/revisions\/655"}],"wp:featuredmedia":[{"embeddable":true,"href":"https:\/\/centrodezoonoses.campinagrande.pb.gov.br\/index.php?rest_route=\/wp\/v2\/media\/654"}],"wp:attachment":[{"href":"https:\/\/centrodezoonoses.campinagrande.pb.gov.br\/index.php?rest_route=%2Fwp%2Fv2%2Fmedia&parent=653"}],"wp:term":[{"taxonomy":"category","embeddable":true,"href":"https:\/\/centrodezoonoses.campinagrande.pb.gov.br\/index.php?rest_route=%2Fwp%2Fv2%2Fcategories&post=653"},{"taxonomy":"post_tag","embeddable":true,"href":"https:\/\/centrodezoonoses.campinagrande.pb.gov.br\/index.php?rest_route=%2Fwp%2Fv2%2Ftags&post=653"}],"curies":[{"name":"wp","href":"https:\/\/api.w.org\/{rel}","templated":true}]}}